{"id":2169,"date":"2025-09-30T09:01:02","date_gmt":"2025-09-30T12:01:02","guid":{"rendered":"https:\/\/idonea.com.br\/blog\/?p=2169"},"modified":"2025-09-30T09:01:03","modified_gmt":"2025-09-30T12:01:03","slug":"a-forca-do-branding-no-linkedin-para-empresas-b2b","status":"publish","type":"post","link":"https:\/\/idonea.com.br\/blog\/a-forca-do-branding-no-linkedin-para-empresas-b2b\/","title":{"rendered":"A for\u00e7a do branding no LinkedIn para empresas B2B"},"content":{"rendered":"\n<p>O LinkedIn deixou h\u00e1 muito tempo de ser apenas uma plataforma para busca de empregos. Hoje, tornou-se um espa\u00e7o estrat\u00e9gico para empresas B2B constru\u00edrem relacionamentos, ampliarem sua visibilidade e fortalecerem sua marca. Nesse contexto, o branding no LinkedIn n\u00e3o \u00e9 apenas uma tend\u00eancia, \u00e9 uma necessidade para empresas que desejam se destacar em um ambiente cada vez mais competitivo.<br><br>Ao explorar o LinkedIn como ferramenta de branding, empresas B2B t\u00eam a oportunidade de se posicionar como refer\u00eancias em seu setor, transmitindo autoridade, credibilidade e valores de forma consistente.<\/p>\n\n\n\n<h2 class=\"wp-block-heading\">Por que o branding no LinkedIn \u00e9 t\u00e3o poderoso no B2B?<\/h2>\n\n\n\n<p>O LinkedIn possui uma caracter\u00edstica \u00fanica no mundo digital: ele concentra profissionais e tomadores de decis\u00e3o. Diferente de redes voltadas para entretenimento ou consumo, o foco est\u00e1 na gera\u00e7\u00e3o de neg\u00f3cios, na troca de conhecimento e no networking profissional.<br><br>Para empresas B2B, isso significa que cada postagem, artigo ou intera\u00e7\u00e3o pode atingir diretamente um p\u00fablico altamente qualificado. Um branding bem trabalhado no LinkedIn proporciona:<\/p>\n\n\n\n<ul class=\"wp-block-list\">\n<li><strong>Reconhecimento da marca:<\/strong> quanto mais consistente e relevante for a presen\u00e7a, mais a empresa ser\u00e1 lembrada pelo p\u00fablico.<\/li>\n\n\n\n<li><strong>Autoridade no mercado:<\/strong> compartilhar conte\u00fados t\u00e9cnicos, estudos de caso e insights fortalece a imagem de especialista.<\/li>\n\n\n\n<li><strong>Relacionamento de longo prazo:<\/strong> conex\u00f5es feitas hoje podem se transformar em clientes ou parceiros estrat\u00e9gicos no futuro.<\/li>\n<\/ul>\n\n\n\n<h2 class=\"wp-block-heading\">Estrat\u00e9gias para fortalecer o branding no LinkedIn<\/h2>\n\n\n\n<p>Construir uma marca forte no LinkedIn exige mais do que simplesmente postar de forma espor\u00e1dica. \u00c9 necess\u00e1rio planejamento, consist\u00eancia e alinhamento com os objetivos da empresa.<\/p>\n\n\n\n<p><strong>1. Perfil corporativo otimizado<\/strong><br>A p\u00e1gina da empresa \u00e9 o cart\u00e3o de visitas no LinkedIn. Deve apresentar uma descri\u00e7\u00e3o clara, visual coerente com a identidade da marca e informa\u00e7\u00f5es atualizadas sobre produtos, servi\u00e7os e valores.<\/p>\n\n\n\n<p><strong>2. Conte\u00fado relevante e de qualidade<\/strong><br>O conte\u00fado \u00e9 o principal combust\u00edvel do branding. Publicar artigos, v\u00eddeos, infogr\u00e1ficos e postagens que tragam valor real para o p\u00fablico fortalece a presen\u00e7a da marca. Temas como tend\u00eancias de mercado, solu\u00e7\u00f5es para problemas comuns e cases de sucesso funcionam muito bem no B2B.<\/p>\n\n\n\n<p><strong>3. Participa\u00e7\u00e3o ativa e intera\u00e7\u00f5es<\/strong><br>Responder coment\u00e1rios, participar de discuss\u00f5es e interagir com postagens de outros profissionais refor\u00e7a a presen\u00e7a da marca e aproxima o p\u00fablico.<br><br><strong>4. Alinhamento entre marca corporativa e pessoal<\/strong><br>No LinkedIn, o branding corporativo se fortalece quando l\u00edderes e colaboradores tamb\u00e9m mant\u00eam perfis ativos, compartilhando conte\u00fados alinhados \u00e0 estrat\u00e9gia da empresa.<\/p>\n\n\n\n<p><strong>5. Uso de formatos variados<\/strong><br>O algoritmo do LinkedIn favorece empresas que utilizam diferentes formatos, como carross\u00e9is, v\u00eddeos curtos, transmiss\u00f5es ao vivo e artigos nativos.<\/p>\n\n\n\n<h2 class=\"wp-block-heading\">Mensura\u00e7\u00e3o e ajustes cont\u00ednuos<\/h2>\n\n\n\n<p>O branding \u00e9 um trabalho de m\u00e9dio e longo prazo, mas isso n\u00e3o significa que os resultados n\u00e3o possam ser medidos. Ferramentas de an\u00e1lise do LinkedIn permitem acompanhar m\u00e9tricas como alcance, engajamento e crescimento de seguidores. Essas informa\u00e7\u00f5es s\u00e3o essenciais para ajustar a estrat\u00e9gia e entender quais formatos e temas geram mais impacto.<\/p>\n\n\n\n<h2 class=\"wp-block-heading\">Conclus\u00e3o estrat\u00e9gica<\/h2>\n\n\n\n<p>Uma presen\u00e7a consolidada no LinkedIn cria um ciclo positivo: a empresa se torna mais conhecida, ganha autoridade e atrai mais oportunidades de neg\u00f3cio. Clientes e parceiros tendem a confiar mais em marcas que mant\u00eam comunica\u00e7\u00e3o clara e ativa.<br><br>Para empresas B2B, onde o ciclo de vendas \u00e9 muitas vezes mais longo e complexo, esse relacionamento cont\u00ednuo pode ser o diferencial para fechar contratos e estabelecer parcerias estrat\u00e9gicas.<br><br>O LinkedIn \u00e9 mais do que uma rede social, \u00e9 uma vitrine estrat\u00e9gica para empresas B2B. Ao investir em branding de forma consistente, a empresa n\u00e3o apenas se posiciona como l\u00edder em seu segmento, mas tamb\u00e9m cria uma base s\u00f3lida de confian\u00e7a e relacionamento com seu p\u00fablico. E no mundo B2B, confian\u00e7a e relacionamento s\u00e3o ativos t\u00e3o valiosos quanto qualquer recurso financeiro.<br><br>A Id\u00f4nea pode ajudar<br>A Id\u00f4nea Comunica\u00e7\u00e3o ajuda empresas B2B a transformar o LinkedIn em um canal estrat\u00e9gico de branding e gera\u00e7\u00e3o de neg\u00f3cios. <a href=\"http:\/\/www.idonea.com.br\">Fale com a nossa equipe<\/a> e descubra como podemos fortalecer a presen\u00e7a digital da sua marca.<\/p>\n","protected":false},"excerpt":{"rendered":"<p>O LinkedIn deixou h\u00e1 muito tempo de ser apenas uma plataforma para busca de empregos. Hoje, tornou-se um espa\u00e7o estrat\u00e9gico para empresas B2B constru\u00edrem relacionamentos, ampliarem sua visibilidade e fortalecerem sua marca. Nesse contexto, o branding no LinkedIn n\u00e3o \u00e9 apenas uma tend\u00eancia, \u00e9 uma necessidade para empresas que desejam se destacar em um ambiente [&hellip;]<\/p>\n","protected":false},"author":1,"featured_media":2170,"comment_status":"open","ping_status":"open","sticky":false,"template":"","format":"standard","meta":{"inline_featured_image":false,"footnotes":""},"categories":[22],"tags":[],"class_list":["post-2169","post","type-post","status-publish","format-standard","has-post-thumbnail","hentry","category-marketing-b2b"],"yoast_head":"<!-- This site is optimized with the Yoast SEO plugin v27.5 - https:\/\/yoast.com\/product\/yoast-seo-wordpress\/ -->\n<title>A for\u00e7a do branding no LinkedIn para empresas B2B<\/title>\n<meta name=\"description\" content=\"Vamos falar sobre a for\u00e7a do branding no LinkedIn para empresas B2B que desejam se destacar em um ambiente cada vez mais competitivo.\" \/>\n<meta name=\"robots\" content=\"index, follow, max-snippet:-1, max-image-preview:large, max-video-preview:-1\" \/>\n<link rel=\"canonical\" href=\"https:\/\/idonea.com.br\/blog\/a-forca-do-branding-no-linkedin-para-empresas-b2b\/\" \/>\n<meta property=\"og:locale\" content=\"pt_BR\" \/>\n<meta property=\"og:type\" content=\"article\" \/>\n<meta property=\"og:title\" content=\"A for\u00e7a do branding no LinkedIn para empresas B2B\" \/>\n<meta property=\"og:description\" content=\"Vamos falar sobre a for\u00e7a do branding no LinkedIn para empresas B2B que desejam se destacar em um ambiente cada vez mais competitivo.\" \/>\n<meta property=\"og:url\" content=\"https:\/\/idonea.com.br\/blog\/a-forca-do-branding-no-linkedin-para-empresas-b2b\/\" \/>\n<meta property=\"og:site_name\" content=\"Id\u00f4nea\" \/>\n<meta property=\"article:published_time\" content=\"2025-09-30T12:01:02+00:00\" \/>\n<meta property=\"article:modified_time\" content=\"2025-09-30T12:01:03+00:00\" \/>\n<meta property=\"og:image\" content=\"https:\/\/idonea.com.br\/blog\/wp-content\/uploads\/2025\/09\/Blogpost.jpg\" \/>\n\t<meta property=\"og:image:width\" content=\"1920\" \/>\n\t<meta property=\"og:image:height\" content=\"385\" \/>\n\t<meta property=\"og:image:type\" content=\"image\/jpeg\" \/>\n<meta name=\"author\" content=\"Id\u00f4nea Comunica\u00e7\u00e3o\" \/>\n<meta name=\"twitter:card\" content=\"summary_large_image\" \/>\n<meta name=\"twitter:label1\" content=\"Escrito por\" \/>\n\t<meta name=\"twitter:data1\" content=\"Id\u00f4nea Comunica\u00e7\u00e3o\" \/>\n\t<meta name=\"twitter:label2\" content=\"Est. tempo de leitura\" \/>\n\t<meta name=\"twitter:data2\" content=\"4 minutos\" \/>\n<script type=\"application\/ld+json\" class=\"yoast-schema-graph\">{\"@context\":\"https:\\\/\\\/schema.org\",\"@graph\":[{\"@type\":\"Article\",\"@id\":\"https:\\\/\\\/idonea.com.br\\\/blog\\\/a-forca-do-branding-no-linkedin-para-empresas-b2b\\\/#article\",\"isPartOf\":{\"@id\":\"https:\\\/\\\/idonea.com.br\\\/blog\\\/a-forca-do-branding-no-linkedin-para-empresas-b2b\\\/\"},\"author\":{\"name\":\"Id\u00f4nea Comunica\u00e7\u00e3o\",\"@id\":\"https:\\\/\\\/idonea.com.br\\\/blog\\\/#\\\/schema\\\/person\\\/f318e46dafb39e80d2c2dc3795b61672\"},\"headline\":\"A for\u00e7a do branding no LinkedIn para empresas B2B\",\"datePublished\":\"2025-09-30T12:01:02+00:00\",\"dateModified\":\"2025-09-30T12:01:03+00:00\",\"mainEntityOfPage\":{\"@id\":\"https:\\\/\\\/idonea.com.br\\\/blog\\\/a-forca-do-branding-no-linkedin-para-empresas-b2b\\\/\"},\"wordCount\":731,\"commentCount\":0,\"publisher\":{\"@id\":\"https:\\\/\\\/idonea.com.br\\\/blog\\\/#organization\"},\"image\":{\"@id\":\"https:\\\/\\\/idonea.com.br\\\/blog\\\/a-forca-do-branding-no-linkedin-para-empresas-b2b\\\/#primaryimage\"},\"thumbnailUrl\":\"https:\\\/\\\/idonea.com.br\\\/blog\\\/wp-content\\\/uploads\\\/2025\\\/09\\\/Blogpost.jpg\",\"articleSection\":[\"Marketing B2B\"],\"inLanguage\":\"pt-BR\",\"potentialAction\":[{\"@type\":\"CommentAction\",\"name\":\"Comment\",\"target\":[\"https:\\\/\\\/idonea.com.br\\\/blog\\\/a-forca-do-branding-no-linkedin-para-empresas-b2b\\\/#respond\"]}]},{\"@type\":\"WebPage\",\"@id\":\"https:\\\/\\\/idonea.com.br\\\/blog\\\/a-forca-do-branding-no-linkedin-para-empresas-b2b\\\/\",\"url\":\"https:\\\/\\\/idonea.com.br\\\/blog\\\/a-forca-do-branding-no-linkedin-para-empresas-b2b\\\/\",\"name\":\"A for\u00e7a do branding no LinkedIn para empresas B2B\",\"isPartOf\":{\"@id\":\"https:\\\/\\\/idonea.com.br\\\/blog\\\/#website\"},\"primaryImageOfPage\":{\"@id\":\"https:\\\/\\\/idonea.com.br\\\/blog\\\/a-forca-do-branding-no-linkedin-para-empresas-b2b\\\/#primaryimage\"},\"image\":{\"@id\":\"https:\\\/\\\/idonea.com.br\\\/blog\\\/a-forca-do-branding-no-linkedin-para-empresas-b2b\\\/#primaryimage\"},\"thumbnailUrl\":\"https:\\\/\\\/idonea.com.br\\\/blog\\\/wp-content\\\/uploads\\\/2025\\\/09\\\/Blogpost.jpg\",\"datePublished\":\"2025-09-30T12:01:02+00:00\",\"dateModified\":\"2025-09-30T12:01:03+00:00\",\"description\":\"Vamos falar sobre a for\u00e7a do branding no LinkedIn para empresas B2B que desejam se destacar em um ambiente cada vez mais competitivo.\",\"breadcrumb\":{\"@id\":\"https:\\\/\\\/idonea.com.br\\\/blog\\\/a-forca-do-branding-no-linkedin-para-empresas-b2b\\\/#breadcrumb\"},\"inLanguage\":\"pt-BR\",\"potentialAction\":[{\"@type\":\"ReadAction\",\"target\":[\"https:\\\/\\\/idonea.com.br\\\/blog\\\/a-forca-do-branding-no-linkedin-para-empresas-b2b\\\/\"]}]},{\"@type\":\"ImageObject\",\"inLanguage\":\"pt-BR\",\"@id\":\"https:\\\/\\\/idonea.com.br\\\/blog\\\/a-forca-do-branding-no-linkedin-para-empresas-b2b\\\/#primaryimage\",\"url\":\"https:\\\/\\\/idonea.com.br\\\/blog\\\/wp-content\\\/uploads\\\/2025\\\/09\\\/Blogpost.jpg\",\"contentUrl\":\"https:\\\/\\\/idonea.com.br\\\/blog\\\/wp-content\\\/uploads\\\/2025\\\/09\\\/Blogpost.jpg\",\"width\":1920,\"height\":385},{\"@type\":\"BreadcrumbList\",\"@id\":\"https:\\\/\\\/idonea.com.br\\\/blog\\\/a-forca-do-branding-no-linkedin-para-empresas-b2b\\\/#breadcrumb\",\"itemListElement\":[{\"@type\":\"ListItem\",\"position\":1,\"name\":\"In\u00edcio\",\"item\":\"https:\\\/\\\/idonea.com.br\\\/blog\\\/\"},{\"@type\":\"ListItem\",\"position\":2,\"name\":\"A for\u00e7a do branding no LinkedIn para empresas B2B\"}]},{\"@type\":\"WebSite\",\"@id\":\"https:\\\/\\\/idonea.com.br\\\/blog\\\/#website\",\"url\":\"https:\\\/\\\/idonea.com.br\\\/blog\\\/\",\"name\":\"Id\u00f4nea\",\"description\":\"Consultoria em Comunica\u00e7\u00e3o\",\"publisher\":{\"@id\":\"https:\\\/\\\/idonea.com.br\\\/blog\\\/#organization\"},\"potentialAction\":[{\"@type\":\"SearchAction\",\"target\":{\"@type\":\"EntryPoint\",\"urlTemplate\":\"https:\\\/\\\/idonea.com.br\\\/blog\\\/?s={search_term_string}\"},\"query-input\":{\"@type\":\"PropertyValueSpecification\",\"valueRequired\":true,\"valueName\":\"search_term_string\"}}],\"inLanguage\":\"pt-BR\"},{\"@type\":\"Organization\",\"@id\":\"https:\\\/\\\/idonea.com.br\\\/blog\\\/#organization\",\"name\":\"Id\u00f4nea\",\"url\":\"https:\\\/\\\/idonea.com.br\\\/blog\\\/\",\"logo\":{\"@type\":\"ImageObject\",\"inLanguage\":\"pt-BR\",\"@id\":\"https:\\\/\\\/idonea.com.br\\\/blog\\\/#\\\/schema\\\/logo\\\/image\\\/\",\"url\":\"https:\\\/\\\/idonea.com.br\\\/blog\\\/wp-content\\\/uploads\\\/2021\\\/09\\\/logo-idonea-comunicacao.svg\",\"contentUrl\":\"https:\\\/\\\/idonea.com.br\\\/blog\\\/wp-content\\\/uploads\\\/2021\\\/09\\\/logo-idonea-comunicacao.svg\",\"width\":66,\"height\":18,\"caption\":\"Id\u00f4nea\"},\"image\":{\"@id\":\"https:\\\/\\\/idonea.com.br\\\/blog\\\/#\\\/schema\\\/logo\\\/image\\\/\"}},{\"@type\":\"Person\",\"@id\":\"https:\\\/\\\/idonea.com.br\\\/blog\\\/#\\\/schema\\\/person\\\/f318e46dafb39e80d2c2dc3795b61672\",\"name\":\"Id\u00f4nea Comunica\u00e7\u00e3o\",\"image\":{\"@type\":\"ImageObject\",\"inLanguage\":\"pt-BR\",\"@id\":\"https:\\\/\\\/secure.gravatar.com\\\/avatar\\\/2ca9b110f6b70ee29eca70b2f0f5cef72b092083fc2c446faae973e015e77bae?s=96&d=mm&r=g\",\"url\":\"https:\\\/\\\/secure.gravatar.com\\\/avatar\\\/2ca9b110f6b70ee29eca70b2f0f5cef72b092083fc2c446faae973e015e77bae?s=96&d=mm&r=g\",\"contentUrl\":\"https:\\\/\\\/secure.gravatar.com\\\/avatar\\\/2ca9b110f6b70ee29eca70b2f0f5cef72b092083fc2c446faae973e015e77bae?s=96&d=mm&r=g\",\"caption\":\"Id\u00f4nea Comunica\u00e7\u00e3o\"},\"sameAs\":[\"https:\\\/\\\/idonea.com.br\\\/blog\"],\"url\":\"https:\\\/\\\/idonea.com.br\\\/blog\\\/author\\\/idonea\\\/\"}]}<\/script>\n<!-- \/ Yoast SEO plugin. -->","yoast_head_json":{"title":"A for\u00e7a do branding no LinkedIn para empresas B2B","description":"Vamos falar sobre a for\u00e7a do branding no LinkedIn para empresas B2B que desejam se destacar em um ambiente cada vez mais competitivo.","robots":{"index":"index","follow":"follow","max-snippet":"max-snippet:-1","max-image-preview":"max-image-preview:large","max-video-preview":"max-video-preview:-1"},"canonical":"https:\/\/idonea.com.br\/blog\/a-forca-do-branding-no-linkedin-para-empresas-b2b\/","og_locale":"pt_BR","og_type":"article","og_title":"A for\u00e7a do branding no LinkedIn para empresas B2B","og_description":"Vamos falar sobre a for\u00e7a do branding no LinkedIn para empresas B2B que desejam se destacar em um ambiente cada vez mais competitivo.","og_url":"https:\/\/idonea.com.br\/blog\/a-forca-do-branding-no-linkedin-para-empresas-b2b\/","og_site_name":"Id\u00f4nea","article_published_time":"2025-09-30T12:01:02+00:00","article_modified_time":"2025-09-30T12:01:03+00:00","og_image":[{"width":1920,"height":385,"url":"https:\/\/idonea.com.br\/blog\/wp-content\/uploads\/2025\/09\/Blogpost.jpg","type":"image\/jpeg"}],"author":"Id\u00f4nea Comunica\u00e7\u00e3o","twitter_card":"summary_large_image","twitter_misc":{"Escrito por":"Id\u00f4nea Comunica\u00e7\u00e3o","Est. tempo de leitura":"4 minutos"},"schema":{"@context":"https:\/\/schema.org","@graph":[{"@type":"Article","@id":"https:\/\/idonea.com.br\/blog\/a-forca-do-branding-no-linkedin-para-empresas-b2b\/#article","isPartOf":{"@id":"https:\/\/idonea.com.br\/blog\/a-forca-do-branding-no-linkedin-para-empresas-b2b\/"},"author":{"name":"Id\u00f4nea Comunica\u00e7\u00e3o","@id":"https:\/\/idonea.com.br\/blog\/#\/schema\/person\/f318e46dafb39e80d2c2dc3795b61672"},"headline":"A for\u00e7a do branding no LinkedIn para empresas B2B","datePublished":"2025-09-30T12:01:02+00:00","dateModified":"2025-09-30T12:01:03+00:00","mainEntityOfPage":{"@id":"https:\/\/idonea.com.br\/blog\/a-forca-do-branding-no-linkedin-para-empresas-b2b\/"},"wordCount":731,"commentCount":0,"publisher":{"@id":"https:\/\/idonea.com.br\/blog\/#organization"},"image":{"@id":"https:\/\/idonea.com.br\/blog\/a-forca-do-branding-no-linkedin-para-empresas-b2b\/#primaryimage"},"thumbnailUrl":"https:\/\/idonea.com.br\/blog\/wp-content\/uploads\/2025\/09\/Blogpost.jpg","articleSection":["Marketing B2B"],"inLanguage":"pt-BR","potentialAction":[{"@type":"CommentAction","name":"Comment","target":["https:\/\/idonea.com.br\/blog\/a-forca-do-branding-no-linkedin-para-empresas-b2b\/#respond"]}]},{"@type":"WebPage","@id":"https:\/\/idonea.com.br\/blog\/a-forca-do-branding-no-linkedin-para-empresas-b2b\/","url":"https:\/\/idonea.com.br\/blog\/a-forca-do-branding-no-linkedin-para-empresas-b2b\/","name":"A for\u00e7a do branding no LinkedIn para empresas B2B","isPartOf":{"@id":"https:\/\/idonea.com.br\/blog\/#website"},"primaryImageOfPage":{"@id":"https:\/\/idonea.com.br\/blog\/a-forca-do-branding-no-linkedin-para-empresas-b2b\/#primaryimage"},"image":{"@id":"https:\/\/idonea.com.br\/blog\/a-forca-do-branding-no-linkedin-para-empresas-b2b\/#primaryimage"},"thumbnailUrl":"https:\/\/idonea.com.br\/blog\/wp-content\/uploads\/2025\/09\/Blogpost.jpg","datePublished":"2025-09-30T12:01:02+00:00","dateModified":"2025-09-30T12:01:03+00:00","description":"Vamos falar sobre a for\u00e7a do branding no LinkedIn para empresas B2B que desejam se destacar em um ambiente cada vez mais competitivo.","breadcrumb":{"@id":"https:\/\/idonea.com.br\/blog\/a-forca-do-branding-no-linkedin-para-empresas-b2b\/#breadcrumb"},"inLanguage":"pt-BR","potentialAction":[{"@type":"ReadAction","target":["https:\/\/idonea.com.br\/blog\/a-forca-do-branding-no-linkedin-para-empresas-b2b\/"]}]},{"@type":"ImageObject","inLanguage":"pt-BR","@id":"https:\/\/idonea.com.br\/blog\/a-forca-do-branding-no-linkedin-para-empresas-b2b\/#primaryimage","url":"https:\/\/idonea.com.br\/blog\/wp-content\/uploads\/2025\/09\/Blogpost.jpg","contentUrl":"https:\/\/idonea.com.br\/blog\/wp-content\/uploads\/2025\/09\/Blogpost.jpg","width":1920,"height":385},{"@type":"BreadcrumbList","@id":"https:\/\/idonea.com.br\/blog\/a-forca-do-branding-no-linkedin-para-empresas-b2b\/#breadcrumb","itemListElement":[{"@type":"ListItem","position":1,"name":"In\u00edcio","item":"https:\/\/idonea.com.br\/blog\/"},{"@type":"ListItem","position":2,"name":"A for\u00e7a do branding no LinkedIn para empresas B2B"}]},{"@type":"WebSite","@id":"https:\/\/idonea.com.br\/blog\/#website","url":"https:\/\/idonea.com.br\/blog\/","name":"Id\u00f4nea","description":"Consultoria em Comunica\u00e7\u00e3o","publisher":{"@id":"https:\/\/idonea.com.br\/blog\/#organization"},"potentialAction":[{"@type":"SearchAction","target":{"@type":"EntryPoint","urlTemplate":"https:\/\/idonea.com.br\/blog\/?s={search_term_string}"},"query-input":{"@type":"PropertyValueSpecification","valueRequired":true,"valueName":"search_term_string"}}],"inLanguage":"pt-BR"},{"@type":"Organization","@id":"https:\/\/idonea.com.br\/blog\/#organization","name":"Id\u00f4nea","url":"https:\/\/idonea.com.br\/blog\/","logo":{"@type":"ImageObject","inLanguage":"pt-BR","@id":"https:\/\/idonea.com.br\/blog\/#\/schema\/logo\/image\/","url":"https:\/\/idonea.com.br\/blog\/wp-content\/uploads\/2021\/09\/logo-idonea-comunicacao.svg","contentUrl":"https:\/\/idonea.com.br\/blog\/wp-content\/uploads\/2021\/09\/logo-idonea-comunicacao.svg","width":66,"height":18,"caption":"Id\u00f4nea"},"image":{"@id":"https:\/\/idonea.com.br\/blog\/#\/schema\/logo\/image\/"}},{"@type":"Person","@id":"https:\/\/idonea.com.br\/blog\/#\/schema\/person\/f318e46dafb39e80d2c2dc3795b61672","name":"Id\u00f4nea Comunica\u00e7\u00e3o","image":{"@type":"ImageObject","inLanguage":"pt-BR","@id":"https:\/\/secure.gravatar.com\/avatar\/2ca9b110f6b70ee29eca70b2f0f5cef72b092083fc2c446faae973e015e77bae?s=96&d=mm&r=g","url":"https:\/\/secure.gravatar.com\/avatar\/2ca9b110f6b70ee29eca70b2f0f5cef72b092083fc2c446faae973e015e77bae?s=96&d=mm&r=g","contentUrl":"https:\/\/secure.gravatar.com\/avatar\/2ca9b110f6b70ee29eca70b2f0f5cef72b092083fc2c446faae973e015e77bae?s=96&d=mm&r=g","caption":"Id\u00f4nea Comunica\u00e7\u00e3o"},"sameAs":["https:\/\/idonea.com.br\/blog"],"url":"https:\/\/idonea.com.br\/blog\/author\/idonea\/"}]}},"_links":{"self":[{"href":"https:\/\/idonea.com.br\/blog\/wp-json\/wp\/v2\/posts\/2169","targetHints":{"allow":["GET"]}}],"collection":[{"href":"https:\/\/idonea.com.br\/blog\/wp-json\/wp\/v2\/posts"}],"about":[{"href":"https:\/\/idonea.com.br\/blog\/wp-json\/wp\/v2\/types\/post"}],"author":[{"embeddable":true,"href":"https:\/\/idonea.com.br\/blog\/wp-json\/wp\/v2\/users\/1"}],"replies":[{"embeddable":true,"href":"https:\/\/idonea.com.br\/blog\/wp-json\/wp\/v2\/comments?post=2169"}],"version-history":[{"count":1,"href":"https:\/\/idonea.com.br\/blog\/wp-json\/wp\/v2\/posts\/2169\/revisions"}],"predecessor-version":[{"id":2171,"href":"https:\/\/idonea.com.br\/blog\/wp-json\/wp\/v2\/posts\/2169\/revisions\/2171"}],"wp:featuredmedia":[{"embeddable":true,"href":"https:\/\/idonea.com.br\/blog\/wp-json\/wp\/v2\/media\/2170"}],"wp:attachment":[{"href":"https:\/\/idonea.com.br\/blog\/wp-json\/wp\/v2\/media?parent=2169"}],"wp:term":[{"taxonomy":"category","embeddable":true,"href":"https:\/\/idonea.com.br\/blog\/wp-json\/wp\/v2\/categories?post=2169"},{"taxonomy":"post_tag","embeddable":true,"href":"https:\/\/idonea.com.br\/blog\/wp-json\/wp\/v2\/tags?post=2169"}],"curies":[{"name":"wp","href":"https:\/\/api.w.org\/{rel}","templated":true}]}}